{"id":194,"date":"2025-02-19T10:47:03","date_gmt":"2025-02-19T10:47:03","guid":{"rendered":"https:\/\/asparagoverdealtedoigp.it\/?p=194"},"modified":"2025-05-20T14:57:57","modified_gmt":"2025-05-20T14:57:57","slug":"presentato-alla-fruit-logistica-di-berlino-lasparago-verde-di-altedo-igp","status":"publish","type":"post","link":"https:\/\/asparagoverdealtedoigp.it\/de\/presentato-alla-fruit-logistica-di-berlino-lasparago-verde-di-altedo-igp\/","title":{"rendered":"Gr\u00fcne Spargeln von Altedo g.g.A. auf der Fruit Logistica in Berlin vorgestellt"},"content":{"rendered":"<p>Im prestigetr\u00e4chtigen Rahmen der Fruit Logistica, der wichtigsten internationalen Veranstaltung f\u00fcr den Obst- und Gem\u00fcsesektor, die von heute bis zum 7. Februar in Berlin stattfindet, hat das Konsortium des Gr\u00fcnen Spargels von Altedo IGP eine Veranstaltung am Stand A40, Pavillon 2.2 des italienischen Kollektivs abgehalten, um die anwesenden Medien und Betreiber \u00fcber die Besonderheiten des Produkts und seines Gebiets, die strategische Rolle des Konsortiums und das konstante Engagement f\u00fcr Werbe- und Aufwertungsaktivit\u00e4ten im Laufe der Jahre zu informieren.<\/p>\n<p>An der Tagung nahm Cav. als Experte teil. Paolo Bruni, Pr\u00e4sident von CSO Italien, unterstrich die Bedeutung dieser Initiative: \u201eDer Asparago Verde di Altedo g.g.A. ist ein Produkt, das die landwirtschaftliche Exzellenz der Emilia-Romagna verk\u00f6rpert. Mit dieser Veranstaltung wollten wir es weiter st\u00e4rken und sein Potenzial auf dem deutschen Markt hervorheben.\u201c<\/p>\n<p><img loading=\"lazy\" decoding=\"async\" class=\"alignnone size-full wp-image-197\" src=\"https:\/\/asparagoverdealtedoigp.it\/wp-content\/uploads\/2025\/02\/Presentato-alla-Fruit-Logistica-di-Berlino-lAsparago-Verde-di-Altedo-IGP-002.jpg\" alt=\"\" width=\"2048\" height=\"868\" srcset=\"https:\/\/asparagoverdealtedoigp.it\/wp-content\/uploads\/2025\/02\/Presentato-alla-Fruit-Logistica-di-Berlino-lAsparago-Verde-di-Altedo-IGP-002.jpg 2048w, https:\/\/asparagoverdealtedoigp.it\/wp-content\/uploads\/2025\/02\/Presentato-alla-Fruit-Logistica-di-Berlino-lAsparago-Verde-di-Altedo-IGP-002-300x127.jpg 300w, https:\/\/asparagoverdealtedoigp.it\/wp-content\/uploads\/2025\/02\/Presentato-alla-Fruit-Logistica-di-Berlino-lAsparago-Verde-di-Altedo-IGP-002-1024x434.jpg 1024w, https:\/\/asparagoverdealtedoigp.it\/wp-content\/uploads\/2025\/02\/Presentato-alla-Fruit-Logistica-di-Berlino-lAsparago-Verde-di-Altedo-IGP-002-768x326.jpg 768w, https:\/\/asparagoverdealtedoigp.it\/wp-content\/uploads\/2025\/02\/Presentato-alla-Fruit-Logistica-di-Berlino-lAsparago-Verde-di-Altedo-IGP-002-1536x651.jpg 1536w\" sizes=\"auto, (max-width: 2048px) 100vw, 2048px\" \/>An der Veranstaltung nahmen der Generaldirektor der Apofruit Group, Ernesto Fornari, und Gabriele Ferri von der APO Conerpo Group teil. Beide haben den Wert dieses hervorragenden Produkts hervorgehoben, das in den Provinzen Bologna und Ferrara angebaut wird und vom Verbraucher so anerkannt und gesch\u00e4tzt wird, dass die Nachfrage gr\u00f6\u00dfer ist als das Angebot. Aus diesem Grund haben sich zwei wichtige Unternehmen des italienischen Obst- und Gem\u00fcsesektors, n\u00e4mlich Apofruit und APO Conerpo, mit dem Konsortium des Gr\u00fcnspargels Altedo IGP zusammengeschlossen und decken heute fast die gesamte Produktion ab, die sich auf etwa 500 Tonnen bel\u00e4uft, und streben gr\u00f6\u00dfere Mengen an. \u201eWir stehen vor einer historischen g.g.A. und einem Produkt, das das Interesse des gro\u00dfen Einzelhandels trifft\u201c, sagte Ernesto Fornari, und zwar so sehr, dass die von Apofruit geleitete Produktion schnell von 70 auf 250 Tonnen gestiegen ist.<br \/>\n\u201eNat\u00fcrlich\u201c, entgegnete Gabriele Ferri, \u201ehandelt es sich um eine erfolgreiche g.g.A., die wir zu sch\u00fctzen beschlossen haben und die unseren Erzeugern Zufriedenheit gibt.\u201c Deshalb werden wir dieses typische emilianische Produkt, das weit \u00fcber sein Herkunftsgebiet hinaus gesch\u00e4tzt wird, mit Engagement weiterf\u00fchren.\u201c<\/p>\n<p>&nbsp;<\/p>\n<p><img loading=\"lazy\" decoding=\"async\" class=\"aligncenter wp-image-308 size-full\" src=\"https:\/\/asparagoverdealtedoigp.it\/wp-content\/uploads\/2025\/05\/PSR_UE_Repubblica-Italiana_RER_LOGHI_4-loghi_rgb-scaled.jpg\" alt=\"\" width=\"2560\" height=\"270\" srcset=\"https:\/\/asparagoverdealtedoigp.it\/wp-content\/uploads\/2025\/05\/PSR_UE_Repubblica-Italiana_RER_LOGHI_4-loghi_rgb-scaled.jpg 2560w, https:\/\/asparagoverdealtedoigp.it\/wp-content\/uploads\/2025\/05\/PSR_UE_Repubblica-Italiana_RER_LOGHI_4-loghi_rgb-300x32.jpg 300w, https:\/\/asparagoverdealtedoigp.it\/wp-content\/uploads\/2025\/05\/PSR_UE_Repubblica-Italiana_RER_LOGHI_4-loghi_rgb-1024x108.jpg 1024w, https:\/\/asparagoverdealtedoigp.it\/wp-content\/uploads\/2025\/05\/PSR_UE_Repubblica-Italiana_RER_LOGHI_4-loghi_rgb-768x81.jpg 768w, https:\/\/asparagoverdealtedoigp.it\/wp-content\/uploads\/2025\/05\/PSR_UE_Repubblica-Italiana_RER_LOGHI_4-loghi_rgb-1536x162.jpg 1536w, https:\/\/asparagoverdealtedoigp.it\/wp-content\/uploads\/2025\/05\/PSR_UE_Repubblica-Italiana_RER_LOGHI_4-loghi_rgb-2048x216.jpg 2048w, https:\/\/asparagoverdealtedoigp.it\/wp-content\/uploads\/2025\/05\/PSR_UE_Repubblica-Italiana_RER_LOGHI_4-loghi_rgb-18x2.jpg 18w\" sizes=\"auto, (max-width: 2560px) 100vw, 2560px\" \/><\/p>","protected":false},"excerpt":{"rendered":"<p>Nella prestigiosa cornice di Fruit Logistica, il principale evento internazionale dedicato al settore ortofrutticolo in scena a Berlino da oggi al 7 febbraio, il Consorzio dell\u2019Asparago Verde di Altedo IGP&#8230;<\/p>","protected":false},"author":3,"featured_media":196,"comment_status":"closed","ping_status":"closed","sticky":false,"template":"","format":"standard","meta":{"footnotes":""},"categories":[7],"tags":[],"class_list":{"0":"post-194","1":"post","2":"type-post","3":"status-publish","4":"format-standard","5":"has-post-thumbnail","7":"category-news"},"_links":{"self":[{"href":"https:\/\/asparagoverdealtedoigp.it\/de\/wp-json\/wp\/v2\/posts\/194","targetHints":{"allow":["GET"]}}],"collection":[{"href":"https:\/\/asparagoverdealtedoigp.it\/de\/wp-json\/wp\/v2\/posts"}],"about":[{"href":"https:\/\/asparagoverdealtedoigp.it\/de\/wp-json\/wp\/v2\/types\/post"}],"author":[{"embeddable":true,"href":"https:\/\/asparagoverdealtedoigp.it\/de\/wp-json\/wp\/v2\/users\/3"}],"replies":[{"embeddable":true,"href":"https:\/\/asparagoverdealtedoigp.it\/de\/wp-json\/wp\/v2\/comments?post=194"}],"version-history":[{"count":3,"href":"https:\/\/asparagoverdealtedoigp.it\/de\/wp-json\/wp\/v2\/posts\/194\/revisions"}],"predecessor-version":[{"id":321,"href":"https:\/\/asparagoverdealtedoigp.it\/de\/wp-json\/wp\/v2\/posts\/194\/revisions\/321"}],"wp:featuredmedia":[{"embeddable":true,"href":"https:\/\/asparagoverdealtedoigp.it\/de\/wp-json\/wp\/v2\/media\/196"}],"wp:attachment":[{"href":"https:\/\/asparagoverdealtedoigp.it\/de\/wp-json\/wp\/v2\/media?parent=194"}],"wp:term":[{"taxonomy":"category","embeddable":true,"href":"https:\/\/asparagoverdealtedoigp.it\/de\/wp-json\/wp\/v2\/categories?post=194"},{"taxonomy":"post_tag","embeddable":true,"href":"https:\/\/asparagoverdealtedoigp.it\/de\/wp-json\/wp\/v2\/tags?post=194"}],"curies":[{"name":"wp","href":"https:\/\/api.w.org\/{rel}","templated":true}]}}