{"id":211,"date":"2025-03-12T09:08:54","date_gmt":"2025-03-12T09:08:54","guid":{"rendered":"https:\/\/asparagoverdealtedoigp.it\/?p=211"},"modified":"2025-03-12T14:37:56","modified_gmt":"2025-03-12T14:37:56","slug":"asparagustando","status":"publish","type":"post","link":"https:\/\/asparagoverdealtedoigp.it\/de\/asparagustando\/","title":{"rendered":"Spargelverkostung"},"content":{"rendered":"<div class=\"xdj266r x11i5rnm xat24cr x1mh8g0r x1vvkbs x126k92a\">\n<div dir=\"auto\">Termine f\u00fcr Mai? Ja, Asparagustando!<\/div>\n<div dir=\"auto\"><\/div>\n<div dir=\"auto\">Der n\u00e4chste Monat steht im Zeichen des Asparago Verde di Altedo IGP, und zwar dank dieser Wanderveranstaltung, bei der der Prinz des Fr\u00fchlings mit Wohlt\u00e4tigkeitsverkostungen gefeiert wird, bei denen Produzenten, K\u00f6che und Liebhaber guten Essens zusammenkommen. Sie werden Spargel in traditionellen und Gourmet-Rezepten f\u00fcr ein unvergessliches gastronomisches Erlebnis entdecken.<\/div>\n<div dir=\"auto\"><\/div>\n<\/div>\n<div class=\"x11i5rnm xat24cr x1mh8g0r x1vvkbs xtlvy1s x126k92a\">\n<div dir=\"auto\"><span class=\"html-span xexx8yu x4uap5 x18d9i69 xkhd6sd x1hl2dhg x16tdsg8 x1vvkbs x3nfvp2 x1j61x8r x1fcty0u xdj266r xat24cr xgzva0m xhhsvwb xxymvpz xlup9mm x1kky2od\"><img loading=\"lazy\" decoding=\"async\" class=\"xz74otr x168nmei x13lgxp2 x5pf9jr xo71vjh\" src=\"https:\/\/static.xx.fbcdn.net\/images\/emoji.php\/v9\/t5c\/1\/16\/1f5d3.png\" alt=\"\ud83d\uddd3\ufe0f\" width=\"16\" height=\"16\" \/><\/span> Dies sind die Veranstaltungen, die mit Unterst\u00fctzung des Projekts zur l\u00e4ndlichen Entwicklung der Region Emilia-Romagna organisiert werden:<\/div>\n<div dir=\"auto\"><\/div>\n<div dir=\"auto\"><span class=\"html-span xexx8yu x4uap5 x18d9i69 xkhd6sd x1hl2dhg x16tdsg8 x1vvkbs x3nfvp2 x1j61x8r x1fcty0u xdj266r xat24cr xgzva0m xhhsvwb xxymvpz xlup9mm x1kky2od\"><img loading=\"lazy\" decoding=\"async\" class=\"xz74otr x168nmei x13lgxp2 x5pf9jr xo71vjh\" src=\"https:\/\/static.xx.fbcdn.net\/images\/emoji.php\/v9\/t51\/1\/16\/1f449.png\" alt=\"\ud83d\udc49\" width=\"16\" height=\"16\" \/><\/span> 8\/05 IPSAR Luigi Veronelli Abendessen \u2013 Casalecchio di Reno (BO)<\/div>\n<div dir=\"auto\">in Zusammenarbeit mit <span class=\"html-span xdj266r x11i5rnm xat24cr x1mh8g0r xexx8yu x4uap5 x18d9i69 xkhd6sd x1hl2dhg x16tdsg8 x1vvkbs\"><a class=\"x1i10hfl xjbqb8w x1ejq31n xd10rxx x1sy0etr x17r0tee x972fbf xcfux6l x1qhh985 xm0m39n x9f619 x1ypdohk xt0psk2 xe8uvvx xdj266r x11i5rnm xat24cr x1mh8g0r xexx8yu x4uap5 x18d9i69 xkhd6sd x16tdsg8 x1hl2dhg xggy1nq x1a2a7pz xkrqix3 x1sur9pj x1fey0fg x1s688f\" tabindex=\"0\" role=\"link\" href=\"https:\/\/www.facebook.com\/lions.bologna?__cft__[0]=AZUxQ1Fxwr5oM0dxEFn5amEv_HeqntpcO3q9CvZgP8pUzbgT5Mz_lovmlw4nJMBmmDx4kutwQFxDwrkdg3_y8RWcv1Oj-1asH_2XaQ899iVg_LKReU18K4Kni0WX5YPJ2TC6K-GHVJhZfRee5XNLGJLGkEpYmPUK0hS1jKJU9tto_GbRPgsLGTap1zMcWGffDzM&amp;__tn__=-]K-R\" target=\"_blank\" rel=\"noopener\"><span class=\"xt0psk2\"><span class=\"xjp7ctv\"><span aria-describedby=\"\u00abr26k\u00bb\">Lions Club Bologna Ets<\/span><\/span><\/span><\/a><\/span> Initiative zugunsten des Instituts <span class=\"html-span xdj266r x11i5rnm xat24cr x1mh8g0r xexx8yu x4uap5 x18d9i69 xkhd6sd x1hl2dhg x16tdsg8 x1vvkbs\"><a class=\"x1i10hfl xjbqb8w x1ejq31n xd10rxx x1sy0etr x17r0tee x972fbf xcfux6l x1qhh985 xm0m39n x9f619 x1ypdohk xt0psk2 xe8uvvx xdj266r x11i5rnm xat24cr x1mh8g0r xexx8yu x4uap5 x18d9i69 xkhd6sd x16tdsg8 x1hl2dhg xggy1nq x1a2a7pz xkrqix3 x1sur9pj x1fey0fg x1s688f\" tabindex=\"0\" role=\"link\" href=\"https:\/\/www.facebook.com\/profile.php?id=100076301957137&amp;__cft__[0]=AZUxQ1Fxwr5oM0dxEFn5amEv_HeqntpcO3q9CvZgP8pUzbgT5Mz_lovmlw4nJMBmmDx4kutwQFxDwrkdg3_y8RWcv1Oj-1asH_2XaQ899iVg_LKReU18K4Kni0WX5YPJ2TC6K-GHVJhZfRee5XNLGJLGkEpYmPUK0hS1jKJU9tto_GbRPgsLGTap1zMcWGffDzM&amp;__tn__=-]K-R\" target=\"_blank\" rel=\"noopener\"><span class=\"xt0psk2\"><span class=\"xjp7ctv\"><span aria-describedby=\"\u00abr26l\u00bb\">Die Veronelli<\/span><\/span><\/span><\/a><\/span><\/div>\n<\/div>\n<div class=\"x11i5rnm xat24cr x1mh8g0r x1vvkbs xtlvy1s x126k92a\">\n<div dir=\"auto\"><span class=\"html-span xexx8yu x4uap5 x18d9i69 xkhd6sd x1hl2dhg x16tdsg8 x1vvkbs x3nfvp2 x1j61x8r x1fcty0u xdj266r xat24cr xgzva0m xhhsvwb xxymvpz xlup9mm x1kky2od\"><img loading=\"lazy\" decoding=\"async\" class=\"xz74otr x168nmei x13lgxp2 x5pf9jr xo71vjh\" src=\"https:\/\/static.xx.fbcdn.net\/images\/emoji.php\/v9\/t51\/1\/16\/1f449.png\" alt=\"\ud83d\udc49\" width=\"16\" height=\"16\" \/><\/span> 9\/05 \u201ePadre Ernesto\u201c Kantinenessen \u2013 Bologna<\/div>\n<div dir=\"auto\">In Zusammenarbeit mit der Bologna Ferrara Chefs Association und <span class=\"html-span xdj266r x11i5rnm xat24cr x1mh8g0r xexx8yu x4uap5 x18d9i69 xkhd6sd x1hl2dhg x16tdsg8 x1vvkbs\"><a class=\"x1i10hfl xjbqb8w x1ejq31n xd10rxx x1sy0etr x17r0tee x972fbf xcfux6l x1qhh985 xm0m39n x9f619 x1ypdohk xt0psk2 xe8uvvx xdj266r x11i5rnm xat24cr x1mh8g0r xexx8yu x4uap5 x18d9i69 xkhd6sd x16tdsg8 x1hl2dhg xggy1nq x1a2a7pz xkrqix3 x1sur9pj x1fey0fg x1s688f\" tabindex=\"0\" role=\"link\" href=\"https:\/\/www.facebook.com\/antonianodibologna?__cft__[0]=AZUxQ1Fxwr5oM0dxEFn5amEv_HeqntpcO3q9CvZgP8pUzbgT5Mz_lovmlw4nJMBmmDx4kutwQFxDwrkdg3_y8RWcv1Oj-1asH_2XaQ899iVg_LKReU18K4Kni0WX5YPJ2TC6K-GHVJhZfRee5XNLGJLGkEpYmPUK0hS1jKJU9tto_GbRPgsLGTap1zMcWGffDzM&amp;__tn__=-]K-R\" target=\"_blank\" rel=\"noopener\"><span class=\"xt0psk2\"><span class=\"xjp7ctv\"><span aria-describedby=\"\u00abr26m\u00bb\">Antoniano gemeinn\u00fctzige Organisation<\/span><\/span><\/span><\/a><\/span>. Initiative zugunsten der Suppenk\u00fcche \u201ePadre Ernesto\u201c<\/div>\n<\/div>\n<div class=\"x11i5rnm xat24cr x1mh8g0r x1vvkbs xtlvy1s x126k92a\">\n<div dir=\"auto\"><span class=\"html-span xexx8yu x4uap5 x18d9i69 xkhd6sd x1hl2dhg x16tdsg8 x1vvkbs x3nfvp2 x1j61x8r x1fcty0u xdj266r xat24cr xgzva0m xhhsvwb xxymvpz xlup9mm x1kky2od\"><img loading=\"lazy\" decoding=\"async\" class=\"xz74otr x168nmei x13lgxp2 x5pf9jr xo71vjh\" src=\"https:\/\/static.xx.fbcdn.net\/images\/emoji.php\/v9\/t51\/1\/16\/1f449.png\" alt=\"\ud83d\udc49\" width=\"16\" height=\"16\" \/><\/span> 17.05. Abendessen im Palazzo Pendaglia <span class=\"html-span xdj266r x11i5rnm xat24cr x1mh8g0r xexx8yu x4uap5 x18d9i69 xkhd6sd x1hl2dhg x16tdsg8 x1vvkbs\"><a class=\"x1i10hfl xjbqb8w x1ejq31n xd10rxx x1sy0etr x17r0tee x972fbf xcfux6l x1qhh985 xm0m39n x9f619 x1ypdohk xt0psk2 xe8uvvx xdj266r x11i5rnm xat24cr x1mh8g0r xexx8yu x4uap5 x18d9i69 xkhd6sd x16tdsg8 x1hl2dhg xggy1nq x1a2a7pz xkrqix3 x1sur9pj x1fey0fg x1s688f\" tabindex=\"0\" role=\"link\" href=\"https:\/\/www.facebook.com\/vergani.navarra?__cft__[0]=AZUxQ1Fxwr5oM0dxEFn5amEv_HeqntpcO3q9CvZgP8pUzbgT5Mz_lovmlw4nJMBmmDx4kutwQFxDwrkdg3_y8RWcv1Oj-1asH_2XaQ899iVg_LKReU18K4Kni0WX5YPJ2TC6K-GHVJhZfRee5XNLGJLGkEpYmPUK0hS1jKJU9tto_GbRPgsLGTap1zMcWGffDzM&amp;__tn__=-]K-R\" target=\"_blank\" rel=\"noopener\"><span class=\"xt0psk2\"><span class=\"xjp7ctv\"><span aria-describedby=\"\u00abr26n\u00bb\">Vergani-Institut Navarra<\/span><\/span><\/span><\/a><\/span> \u2013 Ferrara<\/div>\n<div dir=\"auto\">In Zusammenarbeit mit der Rotary-Provinz Ferrara. Initiative zugunsten der <span class=\"html-span xdj266r x11i5rnm xat24cr x1mh8g0r xexx8yu x4uap5 x18d9i69 xkhd6sd x1hl2dhg x16tdsg8 x1vvkbs\"><a class=\"x1i10hfl xjbqb8w x1ejq31n xd10rxx x1sy0etr x17r0tee x972fbf xcfux6l x1qhh985 xm0m39n x9f619 x1ypdohk xt0psk2 xe8uvvx xdj266r x11i5rnm xat24cr x1mh8g0r xexx8yu x4uap5 x18d9i69 xkhd6sd x16tdsg8 x1hl2dhg xggy1nq x1a2a7pz xkrqix3 x1sur9pj x1fey0fg x1s688f\" tabindex=\"0\" role=\"link\" href=\"https:\/\/www.facebook.com\/dallaterra.allaluna?__cft__[0]=AZUxQ1Fxwr5oM0dxEFn5amEv_HeqntpcO3q9CvZgP8pUzbgT5Mz_lovmlw4nJMBmmDx4kutwQFxDwrkdg3_y8RWcv1Oj-1asH_2XaQ899iVg_LKReU18K4Kni0WX5YPJ2TC6K-GHVJhZfRee5XNLGJLGkEpYmPUK0hS1jKJU9tto_GbRPgsLGTap1zMcWGffDzM&amp;__tn__=-]K-R\" target=\"_blank\" rel=\"noopener\"><span class=\"xt0psk2\"><span class=\"xjp7ctv\"><span aria-describedby=\"\u00abr26o\u00bb\">Von der Erde zum Mond-Stiftung<\/span><\/span><\/span><\/a><\/span> f\u00fcr die schulische Inklusion autistischer Kinder<\/div>\n<\/div>\n<div class=\"x11i5rnm xat24cr x1mh8g0r x1vvkbs xtlvy1s x126k92a\">\n<div dir=\"auto\"><span class=\"html-span xexx8yu x4uap5 x18d9i69 xkhd6sd x1hl2dhg x16tdsg8 x1vvkbs x3nfvp2 x1j61x8r x1fcty0u xdj266r xat24cr xgzva0m xhhsvwb xxymvpz xlup9mm x1kky2od\"><img loading=\"lazy\" decoding=\"async\" class=\"xz74otr x168nmei x13lgxp2 x5pf9jr xo71vjh\" src=\"https:\/\/static.xx.fbcdn.net\/images\/emoji.php\/v9\/t51\/1\/16\/1f449.png\" alt=\"\ud83d\udc49\" width=\"16\" height=\"16\" \/><\/span> 25.05. Abendessen im Port Quarter Hall \u2013 Bologna<\/div>\n<div dir=\"auto\">in Zusammenarbeit mit der Andromeda Civil Protection Association; Bezirk Porto; <span class=\"html-span xdj266r x11i5rnm xat24cr x1mh8g0r xexx8yu x4uap5 x18d9i69 xkhd6sd x1hl2dhg x16tdsg8 x1vvkbs\"><a class=\"x1i10hfl xjbqb8w x1ejq31n xd10rxx x1sy0etr x17r0tee x972fbf xcfux6l x1qhh985 xm0m39n x9f619 x1ypdohk xt0psk2 xe8uvvx xdj266r x11i5rnm xat24cr x1mh8g0r xexx8yu x4uap5 x18d9i69 xkhd6sd x16tdsg8 x1hl2dhg xggy1nq x1a2a7pz xkrqix3 x1sur9pj x1fey0fg x1s688f\" tabindex=\"0\" role=\"link\" href=\"https:\/\/www.facebook.com\/civibo?__cft__[0]=AZUxQ1Fxwr5oM0dxEFn5amEv_HeqntpcO3q9CvZgP8pUzbgT5Mz_lovmlw4nJMBmmDx4kutwQFxDwrkdg3_y8RWcv1Oj-1asH_2XaQ899iVg_LKReU18K4Kni0WX5YPJ2TC6K-GHVJhZfRee5XNLGJLGkEpYmPUK0hS1jKJU9tto_GbRPgsLGTap1zMcWGffDzM&amp;__tn__=-]K-R\" target=\"_blank\" rel=\"noopener\"><span class=\"xt0psk2\"><span class=\"xjp7ctv\"><span aria-describedby=\"\u00abr26p\u00bb\">Beliebte K\u00fcchen \u2013 Bologna Social Food<\/span><\/span><\/span><\/a><\/span>.<\/div>\n<div dir=\"auto\">Initiative zugunsten des Kaufs eines p\u00e4diatrischen Echokardiographen f\u00fcr das Maggiore-Krankenhaus in Bologna.<\/div>\n<\/div>\n<div class=\"x11i5rnm xat24cr x1mh8g0r x1vvkbs xtlvy1s x126k92a\">\n<div dir=\"auto\">\ud835\ude0b\ud835\ude22\ud835\ude34 \ud835\ude28\ud835\ude26\ud835\ude22\ud835\ude2d\ud835\ude2a\ud835\ude3b\ud835\ude34\ud835\ude35 \ud835\ude28\ud835\ude33\ud835\ude22\ud835\ude3b\ud835\ude34 \ud835\ude28\ud835\ude33\ud835\ude26\ud835\ude2a\ud835\ude34 \ud835\ude2a\ud835\ude34 \ud835\ude28\ud835\ude2d\ud835\ude2a\ud835\ude34 \ud835\ude25\ud835\ude26\ud835\ude2a\ud835\ude34 \ud835\ude28\ud835\ude26\ud835\ude2a\ud835\ude34 \ud835\ude0c\ud835\ude2e\ud835\ude2a\ud835\ude2d\ud835\ude2a\ud835\ude22-\ud835\ude19\ud835\ude30\ud835\ude2e\ud835\ude22\ud835\ude28\ud835\ude2f\ud835\ude22 \ud835\ude2f\ud835\ude26\ud835\ude2d\ud835\ude2d&#039;\ud835\ude22\ud835\ude2e\ud835\ude23\ud835\ude2a\ud835\ude35\ud835\ude30 \ud835\ude25\ud835\ude26\ud835\ude2d\ud835\ude2d\ud835\ude30 \ud835\ude1a\ud835\ude37\ud835\ude2a\ud835\ude2d\ud835\ude36\ud835\ude31\ud835\ude31\ud835\ude30\ud835\ude33\ud835\ude22\ud835\ude2d\ud835\ude26 \ud835\ude33\ud835\ude36\ud835\ude33\ud835\ude22\ud835\ude2d\ud835\ude26 \ud835\ude26\ud835\ude37\ud835\ude26\ud835\ude33\ud835\ude26\ud835\ude2f\ud835\ude35 \ud835\ude22\ud835\ude2f\ud835\ude25 \ud835\ude22\ud835\ude2f\ud835\ude25 \ud835\ude35\ud835\ude29\ud835\ude26 \ud835\ude22\ud835\ude2f\ud835\ude25 \ud835\ude22\ud835\ude2f\ud835\ude25 \ud835\ude35\ud835\ude29\ud835\ude26 \ud835\ude33\ud835\ude36\ud835\ude33\ud835\ude22\ud835\ude2d\ud835\ude26 \ud835\ude22\ud835\ude2f\ud835\ude25 \ud835\ude22\ud835\ude2f\ud835\ude25 \ud835\ude35\ud835\ude29\ud835\ude26 \ud835\ude22\ud835\ude2f\ud835\ude25 \ud835\ude22\ud835\ude2f\ud835\ude25 ... Ich bin der Einzige, der das Bed\u00fcrfnis versp\u00fcrt.<\/div>\n<div dir=\"auto\"><\/div>\n<div dir=\"auto\"><\/div>\n<div dir=\"auto\"><img loading=\"lazy\" decoding=\"async\" class=\"alignnone wp-image-212 size-large\" src=\"https:\/\/asparagoverdealtedoigp.it\/wp-content\/uploads\/2025\/03\/438685994_963267102470399_3372926011445945976_n-819x1024.jpg\" alt=\"\" width=\"819\" height=\"1024\" srcset=\"https:\/\/asparagoverdealtedoigp.it\/wp-content\/uploads\/2025\/03\/438685994_963267102470399_3372926011445945976_n-819x1024.jpg 819w, https:\/\/asparagoverdealtedoigp.it\/wp-content\/uploads\/2025\/03\/438685994_963267102470399_3372926011445945976_n-240x300.jpg 240w, https:\/\/asparagoverdealtedoigp.it\/wp-content\/uploads\/2025\/03\/438685994_963267102470399_3372926011445945976_n-768x960.jpg 768w, https:\/\/asparagoverdealtedoigp.it\/wp-content\/uploads\/2025\/03\/438685994_963267102470399_3372926011445945976_n.jpg 1080w\" sizes=\"auto, (max-width: 819px) 100vw, 819px\" \/><\/div>\n<\/div>","protected":false},"excerpt":{"rendered":"<p>Appuntamenti per maggio? S\u00ec, Asparagustando! Il prossimo mese sar\u00e0 all&#8217;insegna dell\u2019Asparago Verde di Altedo IGP grazie a questo evento itinerante che celebrer\u00e0 il principe della primavera attraverso degustazioni a scopo&#8230;<\/p>","protected":false},"author":2,"featured_media":215,"comment_status":"closed","ping_status":"closed","sticky":false,"template":"","format":"standard","meta":{"footnotes":""},"categories":[1],"tags":[],"class_list":{"0":"post-211","1":"post","2":"type-post","3":"status-publish","4":"format-standard","5":"has-post-thumbnail","7":"category-eventi"},"_links":{"self":[{"href":"https:\/\/asparagoverdealtedoigp.it\/de\/wp-json\/wp\/v2\/posts\/211","targetHints":{"allow":["GET"]}}],"collection":[{"href":"https:\/\/asparagoverdealtedoigp.it\/de\/wp-json\/wp\/v2\/posts"}],"about":[{"href":"https:\/\/asparagoverdealtedoigp.it\/de\/wp-json\/wp\/v2\/types\/post"}],"author":[{"embeddable":true,"href":"https:\/\/asparagoverdealtedoigp.it\/de\/wp-json\/wp\/v2\/users\/2"}],"replies":[{"embeddable":true,"href":"https:\/\/asparagoverdealtedoigp.it\/de\/wp-json\/wp\/v2\/comments?post=211"}],"version-history":[{"count":3,"href":"https:\/\/asparagoverdealtedoigp.it\/de\/wp-json\/wp\/v2\/posts\/211\/revisions"}],"predecessor-version":[{"id":216,"href":"https:\/\/asparagoverdealtedoigp.it\/de\/wp-json\/wp\/v2\/posts\/211\/revisions\/216"}],"wp:featuredmedia":[{"embeddable":true,"href":"https:\/\/asparagoverdealtedoigp.it\/de\/wp-json\/wp\/v2\/media\/215"}],"wp:attachment":[{"href":"https:\/\/asparagoverdealtedoigp.it\/de\/wp-json\/wp\/v2\/media?parent=211"}],"wp:term":[{"taxonomy":"category","embeddable":true,"href":"https:\/\/asparagoverdealtedoigp.it\/de\/wp-json\/wp\/v2\/categories?post=211"},{"taxonomy":"post_tag","embeddable":true,"href":"https:\/\/asparagoverdealtedoigp.it\/de\/wp-json\/wp\/v2\/tags?post=211"}],"curies":[{"name":"wp","href":"https:\/\/api.w.org\/{rel}","templated":true}]}}