{"id":283,"date":"2025-03-17T09:49:11","date_gmt":"2025-03-17T09:49:11","guid":{"rendered":"https:\/\/asparagoverdealtedoigp.it\/?p=283"},"modified":"2025-05-20T14:53:10","modified_gmt":"2025-05-20T14:53:10","slug":"le-unicita-dellasparago-verde-di-altedo-igp-catturate-in-uno-spot","status":"publish","type":"post","link":"https:\/\/asparagoverdealtedoigp.it\/de\/le-unicita-dellasparago-verde-di-altedo-igp-catturate-in-uno-spot\/","title":{"rendered":"Die Einzigartigkeit des Gr\u00fcnspargels Altedo PGI in einem Werbespot"},"content":{"rendered":"<p>Das Konsortium zum Schutz des gr\u00fcnen Spargels von Altedo IGP startet im Rahmen der vom Entwicklungsplan der Region Emilia Romagna finanzierten Werbekampagne 2024 einen Werbespot, der dem Prinzen des Fr\u00fchlings und seinen Produzenten gewidmet ist.<\/p>\n<p>Ein Schatz der italienischen Landwirtschaft, der dank des Werbespots von RP Circuiti ins Rampenlicht ger\u00fcckt wird. Das Video ist auf dem YouTube-Kanal und in den sozialen Medien des Konsortiums online und wird Gegenstand einer digitalen Werbekampagne sein, die in Italien und Deutschland 5 Millionen Aufrufe erreichen wird.<\/p>\n<p>Die Liebe zum visuellen Detail ist in jedem Bild des Werbespots erkennbar, mit Bildern, die die Frische und Nat\u00fcrlichkeit des Spargels hervorheben, eingebettet in die faszinierende Landschaft, aus der er stammt. Der zarte und zugleich eindrucksvolle Soundtrack begleitet die Bilder und unterstreicht die Erz\u00e4hlung, die das Erbe und die hervorragende Qualit\u00e4t des gr\u00fcnen Altedo-Spargels mit g.g.A. feiert.<\/p>\n<p>Der Fokus des Werbespots liegt auf der gesch\u00fctzten Herkunft und den Anbaumethoden, die den gr\u00fcnen Spargel Altedo IGP zu einem wahren Symbol der Exzellenz machen. Die Botschaft vermittelt deutlich die Verbindung zwischen der Qualit\u00e4t des Produkts und der Leidenschaft und dem Fachwissen der lokalen Produzenten, den wahren Protagonisten dieser Geschichte. Eine universelle Botschaft, die alle Generationen im Namen der Geselligkeit und des guten Essens vereint und eine neue Art des Zusammenseins schafft, ohne zwischen Babyboomern, Millennials und der Generation Z zu unterscheiden. So wurde die IGP-Generation geboren.<\/p>\n<p>Dieser Spot soll nicht nur informieren, sondern auch inspirieren und \u00fcberzeugen. Es soll die Herzen der Verbraucher ber\u00fchren und die Vortrefflichkeit des gr\u00fcnen Spargels Altedo g.g.A. und seine Rolle in der Gourmetk\u00fcche sowohl zu Hause als auch auf professioneller Ebene hervorheben.<\/p>\n<p>\u201eEr ist eine perfekte Visitenkarte f\u00fcr dieses unverwechselbare Produkt der Region Emilia-Romagna\u201c, erkl\u00e4rt der Pr\u00e4sident des Konsortiums, Gianni Cesari. \u201eIch halte ihn f\u00fcr ein sehr wichtiges Instrument, um die Werte des Produkts zu vermitteln, auch weil er unseren Kommunikationsbed\u00fcrfnissen entspricht. Wir verzeichnen gro\u00dfes Interesse am g.g.A.-Spargel und sind mit der Entwicklung in diesem Jahr sehr zufrieden. Ich bin \u00fcberzeugt, dass die vom Konsortium umgesetzten und von den Mitgliedern Apofruit, Casa Mesola und Patfrut unterst\u00fctzten Kommunikationsma\u00dfnahmen dem Verkauf und vor allem der Aufwertung der Vorteile des g.g.A.-Produkts den richtigen Schub gegeben haben. Wir haben die gesamte Kommunikation auf die Produzenten, die unbestrittenen Protagonisten dieser Exzellenz, konzentriert und uns auch sozialen Themen gewidmet, mit verschiedenen Werbe- und Verkostungsinitiativen, um auch die Schw\u00e4chsten in der Region zu unterst\u00fctzen.\u201c<\/p>\n<p>Mit diesem Spot hat das Konsortium zum Schutz des gr\u00fcnen Spargels von Altedo IGP eine Marketingaktion entwickelt, die das Gebiet und seine landwirtschaftliche Exzellenz wirksam f\u00f6rdert. Wir laden alle ein, sich das Video anzusehen und sich von der Sch\u00f6nheit und Qualit\u00e4t des gr\u00fcnen Spargels Altedo g.g.A. inspirieren zu lassen.<\/p>\n<p>&nbsp;<\/p>\n<p>Sehen Sie sich den Spot hier an: <a href=\"https:\/\/youtu.be\/PuXOmfgnxoI\" target=\"_blank\" rel=\"noopener\">https:\/\/youtu.be\/PuXOmfgnxoI<\/a><\/p>\n<p>&nbsp;<\/p>\n<p>Credits:<\/p>\n<p>Agentur: RP Circuiti Multimedia Srl<\/p>\n<p>Kreativdirektor: Lorenzo Pasquinelli<\/p>\n<p>Texter: Davide Bonazzi<\/p>\n<p>K\u00fcnstlerischer Leiter: Pasquale Ciciriello<\/p>\n<p>K\u00fcnstlerische Leitung: Ginevra Romagnoli<\/p>\n<p>&nbsp;<\/p>\n<p>\ud835\ude0b\ud835\ude22\ud835\ude34 \ud835\ude28\ud835\ude26\ud835\ude22\ud835\ude2d\ud835\ude2a\ud835\ude3b\ud835\ude34\ud835\ude35 \ud835\ude28\ud835\ude33\ud835\ude22\ud835\ude3b\ud835\ude34 \ud835\ude28\ud835\ude33\ud835\ude26\ud835\ude2a\ud835\ude34 \ud835\ude2a\ud835\ude34 \ud835\ude28\ud835\ude2d\ud835\ude2a\ud835\ude34 \ud835\ude25\ud835\ude26\ud835\ude2a\ud835\ude34 \ud835\ude28\ud835\ude26\ud835\ude2a\ud835\ude34 \ud835\ude0c\ud835\ude2e\ud835\ude2a\ud835\ude2d\ud835\ude2a\ud835\ude22-\ud835\ude19\ud835\ude30\ud835\ude2e\ud835\ude22\ud835\ude28\ud835\ude2f\ud835\ude22 \ud835\ude2f\ud835\ude26\ud835\ude2d\ud835\ude2d&#039;\ud835\ude22\ud835\ude2e\ud835\ude23\ud835\ude2a\ud835\ude35\ud835\ude30 \ud835\ude25\ud835\ude26\ud835\ude2d\ud835\ude2d\ud835\ude30 \ud835\ude1a\ud835\ude37\ud835\ude2a\ud835\ude2d\ud835\ude36\ud835\ude31\ud835\ude31\ud835\ude30\ud835\ude33\ud835\ude22\ud835\ude2d\ud835\ude26 \ud835\ude33\ud835\ude36\ud835\ude33\ud835\ude22\ud835\ude2d\ud835\ude26 \ud835\ude26\ud835\ude37\ud835\ude26\ud835\ude33\ud835\ude26\ud835\ude2f\ud835\ude35 \ud835\ude22\ud835\ude2f\ud835\ude25 \ud835\ude22\ud835\ude2f\ud835\ude25 \ud835\ude35\ud835\ude29\ud835\ude26 \ud835\ude22\ud835\ude2f\ud835\ude25 \ud835\ude22\ud835\ude2f\ud835\ude25 \ud835\ude35\ud835\ude29\ud835\ude26 \ud835\ude33\ud835\ude36\ud835\ude33\ud835\ude22\ud835\ude2d\ud835\ude26 \ud835\ude22\ud835\ude2f\ud835\ude25 \ud835\ude22\ud835\ude2f\ud835\ude25 \ud835\ude35\ud835\ude29\ud835\ude26 \ud835\ude22\ud835\ude2f\ud835\ude25 \ud835\ude22\ud835\ude2f\ud835\ude25 ... Ich bin der Einzige, der das Bed\u00fcrfnis versp\u00fcrt.<\/p>\n<p><img loading=\"lazy\" decoding=\"async\" class=\"aligncenter wp-image-308 size-full\" src=\"https:\/\/asparagoverdealtedoigp.it\/wp-content\/uploads\/2025\/05\/PSR_UE_Repubblica-Italiana_RER_LOGHI_4-loghi_rgb-scaled.jpg\" alt=\"\" width=\"2560\" height=\"270\" srcset=\"https:\/\/asparagoverdealtedoigp.it\/wp-content\/uploads\/2025\/05\/PSR_UE_Repubblica-Italiana_RER_LOGHI_4-loghi_rgb-scaled.jpg 2560w, https:\/\/asparagoverdealtedoigp.it\/wp-content\/uploads\/2025\/05\/PSR_UE_Repubblica-Italiana_RER_LOGHI_4-loghi_rgb-300x32.jpg 300w, https:\/\/asparagoverdealtedoigp.it\/wp-content\/uploads\/2025\/05\/PSR_UE_Repubblica-Italiana_RER_LOGHI_4-loghi_rgb-1024x108.jpg 1024w, https:\/\/asparagoverdealtedoigp.it\/wp-content\/uploads\/2025\/05\/PSR_UE_Repubblica-Italiana_RER_LOGHI_4-loghi_rgb-768x81.jpg 768w, https:\/\/asparagoverdealtedoigp.it\/wp-content\/uploads\/2025\/05\/PSR_UE_Repubblica-Italiana_RER_LOGHI_4-loghi_rgb-1536x162.jpg 1536w, https:\/\/asparagoverdealtedoigp.it\/wp-content\/uploads\/2025\/05\/PSR_UE_Repubblica-Italiana_RER_LOGHI_4-loghi_rgb-2048x216.jpg 2048w, https:\/\/asparagoverdealtedoigp.it\/wp-content\/uploads\/2025\/05\/PSR_UE_Repubblica-Italiana_RER_LOGHI_4-loghi_rgb-18x2.jpg 18w\" sizes=\"auto, (max-width: 2560px) 100vw, 2560px\" \/><\/p>","protected":false},"excerpt":{"rendered":"<p>Il Consorzio di Tutela dell\u2019Asparago Verde di Altedo IGP, nell\u2019ambito della campagna di promozione 2024 finanziata nel Piano di Sviluppo della Regione Emilia Romagna, lancia uno spot pubblicitario dedicato al&#8230;<\/p>","protected":false},"author":2,"featured_media":284,"comment_status":"closed","ping_status":"closed","sticky":false,"template":"","format":"standard","meta":{"footnotes":""},"categories":[7],"tags":[],"class_list":{"0":"post-283","1":"post","2":"type-post","3":"status-publish","4":"format-standard","5":"has-post-thumbnail","7":"category-news"},"_links":{"self":[{"href":"https:\/\/asparagoverdealtedoigp.it\/de\/wp-json\/wp\/v2\/posts\/283","targetHints":{"allow":["GET"]}}],"collection":[{"href":"https:\/\/asparagoverdealtedoigp.it\/de\/wp-json\/wp\/v2\/posts"}],"about":[{"href":"https:\/\/asparagoverdealtedoigp.it\/de\/wp-json\/wp\/v2\/types\/post"}],"author":[{"embeddable":true,"href":"https:\/\/asparagoverdealtedoigp.it\/de\/wp-json\/wp\/v2\/users\/2"}],"replies":[{"embeddable":true,"href":"https:\/\/asparagoverdealtedoigp.it\/de\/wp-json\/wp\/v2\/comments?post=283"}],"version-history":[{"count":3,"href":"https:\/\/asparagoverdealtedoigp.it\/de\/wp-json\/wp\/v2\/posts\/283\/revisions"}],"predecessor-version":[{"id":313,"href":"https:\/\/asparagoverdealtedoigp.it\/de\/wp-json\/wp\/v2\/posts\/283\/revisions\/313"}],"wp:featuredmedia":[{"embeddable":true,"href":"https:\/\/asparagoverdealtedoigp.it\/de\/wp-json\/wp\/v2\/media\/284"}],"wp:attachment":[{"href":"https:\/\/asparagoverdealtedoigp.it\/de\/wp-json\/wp\/v2\/media?parent=283"}],"wp:term":[{"taxonomy":"category","embeddable":true,"href":"https:\/\/asparagoverdealtedoigp.it\/de\/wp-json\/wp\/v2\/categories?post=283"},{"taxonomy":"post_tag","embeddable":true,"href":"https:\/\/asparagoverdealtedoigp.it\/de\/wp-json\/wp\/v2\/tags?post=283"}],"curies":[{"name":"wp","href":"https:\/\/api.w.org\/{rel}","templated":true}]}}