{"id":56,"date":"2023-03-31T14:38:54","date_gmt":"2023-03-31T14:38:54","guid":{"rendered":"https:\/\/asparagoverdealtedoigp.it\/?p=56"},"modified":"2023-04-03T11:04:16","modified_gmt":"2023-04-03T11:04:16","slug":"lasparago-in-cifre","status":"publish","type":"post","link":"https:\/\/asparagoverdealtedoigp.it\/de\/lasparago-in-cifre\/","title":{"rendered":"Spargel in Zahlen"},"content":{"rendered":"<p>Ort: Altedo di Malalbergo (BO) \u2013 Datum: 06.04.2017<\/p>\n<p>Wir berichten \u00fcber die neuesten in Italien und im Ausland erhobenen statistischen Daten zur Entwicklung der Anbaufl\u00e4chen und des Import-Export-Handels mit Spargel. Dar\u00fcber hinaus wird eine kurze Analyse zu zuk\u00fcnftigen Sch\u00e4tzungen der Produktions- und Vermarktungstrends f\u00fcr italienischen Spargel bereitgestellt.<br \/>\n<em>Daten bereitgestellt von\u00a0<a href=\"http:\/\/www.csoservizi.com\/\" target=\"_blank\" rel=\"noopener\">CSO Italien<\/a>, aktualisiert April 2017.<\/em><\/p>","protected":false},"excerpt":{"rendered":"<p>luogo: Altedo di Malalbergo (BO) &#8211; data:\u00a006\/04\/2017 Riportiamo i recenti dati statistici rilevati in Italia e all&#8217;estero relativamente al trend delle superfici coltivate e al commercio import-export degli asparagi. Verr\u00e0&#8230;<\/p>","protected":false},"author":2,"featured_media":130,"comment_status":"closed","ping_status":"closed","sticky":false,"template":"","format":"standard","meta":{"footnotes":""},"categories":[1],"tags":[],"class_list":{"0":"post-56","1":"post","2":"type-post","3":"status-publish","4":"format-standard","5":"has-post-thumbnail","7":"category-eventi"},"_links":{"self":[{"href":"https:\/\/asparagoverdealtedoigp.it\/de\/wp-json\/wp\/v2\/posts\/56","targetHints":{"allow":["GET"]}}],"collection":[{"href":"https:\/\/asparagoverdealtedoigp.it\/de\/wp-json\/wp\/v2\/posts"}],"about":[{"href":"https:\/\/asparagoverdealtedoigp.it\/de\/wp-json\/wp\/v2\/types\/post"}],"author":[{"embeddable":true,"href":"https:\/\/asparagoverdealtedoigp.it\/de\/wp-json\/wp\/v2\/users\/2"}],"replies":[{"embeddable":true,"href":"https:\/\/asparagoverdealtedoigp.it\/de\/wp-json\/wp\/v2\/comments?post=56"}],"version-history":[{"count":1,"href":"https:\/\/asparagoverdealtedoigp.it\/de\/wp-json\/wp\/v2\/posts\/56\/revisions"}],"predecessor-version":[{"id":58,"href":"https:\/\/asparagoverdealtedoigp.it\/de\/wp-json\/wp\/v2\/posts\/56\/revisions\/58"}],"wp:featuredmedia":[{"embeddable":true,"href":"https:\/\/asparagoverdealtedoigp.it\/de\/wp-json\/wp\/v2\/media\/130"}],"wp:attachment":[{"href":"https:\/\/asparagoverdealtedoigp.it\/de\/wp-json\/wp\/v2\/media?parent=56"}],"wp:term":[{"taxonomy":"category","embeddable":true,"href":"https:\/\/asparagoverdealtedoigp.it\/de\/wp-json\/wp\/v2\/categories?post=56"},{"taxonomy":"post_tag","embeddable":true,"href":"https:\/\/asparagoverdealtedoigp.it\/de\/wp-json\/wp\/v2\/tags?post=56"}],"curies":[{"name":"wp","href":"https:\/\/api.w.org\/{rel}","templated":true}]}}