{"id":59,"date":"2023-03-31T14:39:29","date_gmt":"2023-03-31T14:39:29","guid":{"rendered":"https:\/\/asparagoverdealtedoigp.it\/?p=59"},"modified":"2023-03-31T14:39:29","modified_gmt":"2023-03-31T14:39:29","slug":"conferenza-stampa-47-fiera-dellasparago-verde-di-altedo-igp","status":"publish","type":"post","link":"https:\/\/asparagoverdealtedoigp.it\/de\/conferenza-stampa-47-fiera-dellasparago-verde-di-altedo-igp\/","title":{"rendered":"Pressekonferenz &gt; 47. Messe f\u00fcr gr\u00fcnen Spargel g.g.A. aus Altedo"},"content":{"rendered":"<p>Ort: Schloss Estense, Ferrara \u2013 Datum: 14.04.2017<\/p>\n<p>Der B\u00fcrgermeister der Gemeinde Mesola, Dr. Padovani Gianni Michele, freut sich, die Presse zu treffen\u00a0<strong>Freitag, 14. April, um 10.30 Uhr, im Sala Torre San Paolo des Estense-Schlosses von Ferrara, zur Pr\u00e4sentation der XXVII. Spargelmesse<\/strong>.<\/p>\n<p>Zu diesem Anlass wird das Programm der Initiativen f\u00fcr die Veranstaltung in\u00a0<strong>Mesola vom Samstag, 22. April bis Montag, 1. Mai 2017<\/strong>.<\/p>\n<p>An dem Treffen nehmen der Pr\u00e4sident der Provinz Ferrara, Rechtsanwalt Tiziano Tagliani, der B\u00fcrgermeister der Gemeinde Mesola, Dr. Michele Gianni Padovani, die B\u00fcrgermeisterin der Gemeinde Malalbergo, Dr. Monia Giovannini, sowie die stellvertretende B\u00fcrgermeisterin und Stadtr\u00e4tin f\u00fcr Tourismus, \u00f6ffentliche Arbeiten und Stadtplanung der Gemeinde Mesola, Rag, teil. Dario Zucconelli, der Pr\u00e4sident des Konsortiums zum Schutz des gr\u00fcnen Spargels von Altedo, Gianni Cesari, der Pr\u00e4sident der Coop CASA Mesola, Michele Mangolini, und der Pr\u00e4sident der Association Pro Loco von Mesola, Tommaso Lucci, Hrsg.<\/p>\n<p>Zur Information:<br \/>\nTouristeninformation &amp; Empfangsb\u00fcro<br \/>\nPlatz des Heiligen Geistes, 3<br \/>\n44026 Mesola (Fe)<br \/>\nTel.\/Fax: 0533.993358<br \/>\n<a href=\"mailto:iat@comune.mesola.fe.it\">iat@comune.mesola.fe.it<\/a><br \/>\n<a href=\"http:\/\/www.prolocomesolaeventi.it\/\" target=\"_blank\" rel=\"noopener\">www.prolocomesolaeventi.it<\/a><br \/>\n<a href=\"http:\/\/www.prolocomesola.it\/\" target=\"_blank\" rel=\"noopener\">www.prolocomesola.it<\/a><\/p>","protected":false},"excerpt":{"rendered":"<p>luogo: Castello estense, Ferrara &#8211; data: 14\/04\/2017 Il Sindaco del Comune di Mesola, Dott. Padovani Gianni Michele, \u00e8 lieto di incontrare la stampa\u00a0venerd\u00ec 14 aprile p.v. alle ore 10.30, presso&#8230;<\/p>","protected":false},"author":2,"featured_media":57,"comment_status":"closed","ping_status":"closed","sticky":false,"template":"","format":"standard","meta":{"footnotes":""},"categories":[1],"tags":[],"class_list":{"0":"post-59","1":"post","2":"type-post","3":"status-publish","4":"format-standard","5":"has-post-thumbnail","7":"category-eventi"},"_links":{"self":[{"href":"https:\/\/asparagoverdealtedoigp.it\/de\/wp-json\/wp\/v2\/posts\/59","targetHints":{"allow":["GET"]}}],"collection":[{"href":"https:\/\/asparagoverdealtedoigp.it\/de\/wp-json\/wp\/v2\/posts"}],"about":[{"href":"https:\/\/asparagoverdealtedoigp.it\/de\/wp-json\/wp\/v2\/types\/post"}],"author":[{"embeddable":true,"href":"https:\/\/asparagoverdealtedoigp.it\/de\/wp-json\/wp\/v2\/users\/2"}],"replies":[{"embeddable":true,"href":"https:\/\/asparagoverdealtedoigp.it\/de\/wp-json\/wp\/v2\/comments?post=59"}],"version-history":[{"count":1,"href":"https:\/\/asparagoverdealtedoigp.it\/de\/wp-json\/wp\/v2\/posts\/59\/revisions"}],"predecessor-version":[{"id":60,"href":"https:\/\/asparagoverdealtedoigp.it\/de\/wp-json\/wp\/v2\/posts\/59\/revisions\/60"}],"wp:featuredmedia":[{"embeddable":true,"href":"https:\/\/asparagoverdealtedoigp.it\/de\/wp-json\/wp\/v2\/media\/57"}],"wp:attachment":[{"href":"https:\/\/asparagoverdealtedoigp.it\/de\/wp-json\/wp\/v2\/media?parent=59"}],"wp:term":[{"taxonomy":"category","embeddable":true,"href":"https:\/\/asparagoverdealtedoigp.it\/de\/wp-json\/wp\/v2\/categories?post=59"},{"taxonomy":"post_tag","embeddable":true,"href":"https:\/\/asparagoverdealtedoigp.it\/de\/wp-json\/wp\/v2\/tags?post=59"}],"curies":[{"name":"wp","href":"https:\/\/api.w.org\/{rel}","templated":true}]}}